{"id":9667,"date":"2023-05-10T09:16:17","date_gmt":"2023-05-10T08:16:17","guid":{"rendered":"https:\/\/balmardi.ch\/?p=9667"},"modified":"2023-05-11T15:27:49","modified_gmt":"2023-05-11T14:27:49","slug":"les-arbres-spectaculaires-du-canton","status":"publish","type":"post","link":"https:\/\/balmardi.ch\/index.php\/2023\/05\/10\/les-arbres-spectaculaires-du-canton\/","title":{"rendered":"Les arbres spectaculaires du canton"},"content":{"rendered":"\n<p><\/p>\n\n\n<h3><a href=\"https:\/\/map.geo.fr.ch\/?dataTheme=For%C3%AAt&amp;uniquelayer=https%3A\/\/map.geo.fr.ch\/arcgis\/rest\/services\/PortailCarto\/Theme_foret\/MapServer\/8&amp;lang=fr\" target=\"_blank\" rel=\"noopener\">Les arbres spectaculaires du canton<\/a><\/h3>\n<p>Pour imprimer le document de donn\u00e9es de l&rsquo;arbre:<br \/>&#8211; Cliquer sur le symbole de l&rsquo;arbre sur la carte<br \/>&#8211; Dans la fen\u00eatre qui s&rsquo;ouvre s\u00e9lectionner Arbres spectaculaires<br \/>&#8211; Cliquer: Fiche de l&rsquo;arbre\u00a0 ( fran\u00e7ais).<\/p>","protected":false},"excerpt":{"rendered":"<p>Les arbres spectaculaires du canton Pour imprimer le document de donn\u00e9es de l&rsquo;arbre:&#8211; Cliquer sur le symbole de l&rsquo;arbre sur la carte&#8211; Dans la fen\u00eatre qui s&rsquo;ouvre s\u00e9lectionner Arbres spectaculaires&#8211; Cliquer: Fiche de l&rsquo;arbre\u00a0 ( fran\u00e7ais).<\/p>\n","protected":false},"author":1,"featured_media":0,"comment_status":"closed","ping_status":"closed","sticky":false,"template":"","format":"standard","meta":{"two_page_speed":[],"footnotes":""},"categories":[1],"tags":[],"class_list":["post-9667","post","type-post","status-publish","format-standard","hentry","category-non-classe"],"_links":{"self":[{"href":"https:\/\/balmardi.ch\/index.php\/wp-json\/wp\/v2\/posts\/9667","targetHints":{"allow":["GET"]}}],"collection":[{"href":"https:\/\/balmardi.ch\/index.php\/wp-json\/wp\/v2\/posts"}],"about":[{"href":"https:\/\/balmardi.ch\/index.php\/wp-json\/wp\/v2\/types\/post"}],"author":[{"embeddable":true,"href":"https:\/\/balmardi.ch\/index.php\/wp-json\/wp\/v2\/users\/1"}],"replies":[{"embeddable":true,"href":"https:\/\/balmardi.ch\/index.php\/wp-json\/wp\/v2\/comments?post=9667"}],"version-history":[{"count":8,"href":"https:\/\/balmardi.ch\/index.php\/wp-json\/wp\/v2\/posts\/9667\/revisions"}],"predecessor-version":[{"id":9685,"href":"https:\/\/balmardi.ch\/index.php\/wp-json\/wp\/v2\/posts\/9667\/revisions\/9685"}],"wp:attachment":[{"href":"https:\/\/balmardi.ch\/index.php\/wp-json\/wp\/v2\/media?parent=9667"}],"wp:term":[{"taxonomy":"category","embeddable":true,"href":"https:\/\/balmardi.ch\/index.php\/wp-json\/wp\/v2\/categories?post=9667"},{"taxonomy":"post_tag","embeddable":true,"href":"https:\/\/balmardi.ch\/index.php\/wp-json\/wp\/v2\/tags?post=9667"}],"curies":[{"name":"wp","href":"https:\/\/api.w.org\/{rel}","templated":true}]}}